{"id":6202,"date":"2010-07-18T20:30:40","date_gmt":"2010-07-18T18:30:40","guid":{"rendered":"http:\/\/www.thomasgericke.de\/v4\/interactive\/blog\/?p=6202"},"modified":"2010-07-18T20:30:40","modified_gmt":"2010-07-18T18:30:40","slug":"facebook-schaut-sich-deine-bilder-ganz-genau-an","status":"publish","type":"post","link":"https:\/\/www.thomasgericke.de\/v4\/interactive\/blog\/2010\/07\/facebook-schaut-sich-deine-bilder-ganz-genau-an\/","title":{"rendered":"Facebook schaut sich deine Bilder ganz genau an!"},"content":{"rendered":"<p><img loading=\"lazy\" decoding=\"async\" class=\"alignleft size-full wp-image-6242\" title=\"fb_whose_face\" src=\"http:\/\/www.thomasgericke.de\/v4\/interactive\/blog\/wp-content\/uploads\/2010\/07\/fb_whose_face.png\" alt=\"\" width=\"247\" height=\"173\" \/>Bereits vor einigen Tagen hatte ich es schonmal bemerkt und mich leicht dar\u00fcber gewundert. Nachdem ich dann ein paarmal in Facebook herumgeklickt hatte, war es wieder weg. Gemeint ist damit ein Feld am rechten Rand der <a href=\"http:\/\/www.facebook.com\/\" target=\"_blank\">Facebook-Website<\/a>, auf der man ganz offen gefragt wird, ob man die Person in dem dargestellten Bild kennt und ob man deren Namen benennen kann. Anfangs hatte ich das kaum beachtet, doch irgendwann wunderte ich mich, dass es sich ja um meine eigenen Bilder handelte.<\/p>\n<p>Ist ja grunds\u00e4tzlich nichts Verwerfliches, dennoch finde ich es aus zweierlei Hinsicht interessant: <!--more--><\/p>\n<p>1. Finde ich es durchaus dreist, dass Facebook sich anmasst, meine Bilder zu durchforsten und damit &#8220;Dinge&#8221; zu tun.<\/p>\n<p>2. Finde ich es allerdings auch recht spannend, dass Facebook offenbar Mechanismen hat, um alle Bilder aller Benutzer zu durchw\u00fchlen und dort nach dem Prinzip der <a href=\"http:\/\/de.wikipedia.org\/wiki\/Mustererkennung#Strukturell\" target=\"_blank\">strukturellen Mustererkennung<\/a> Gesichter zu erkennen.<\/p>\n<p>Besonders lustig ist bei dem oben gezeigten Beispiel, dass es sich um die Wachsfigur von Daniel Craig in der Rolle des James Bond handelt, welches ich im Sommer 2009 bei <a href=\"http:\/\/www.madametussauds.com\/London\/OurFigures\/HollywoodStars\/DanielCraig\/Default.aspx\" target=\"_blank\">Madame Tussauds in London<\/a> aufgenommen hatte \ud83d\ude42<\/p>\n<p><a href=\"http:\/\/www.facebook.com\/photo.php?pid=788547&amp;id=1523793493\"><img loading=\"lazy\" decoding=\"async\" class=\"aligncenter size-full wp-image-6252\" title=\"Daniel_Craig\" src=\"http:\/\/www.thomasgericke.de\/v4\/interactive\/blog\/wp-content\/uploads\/2010\/07\/Daniel_Craig.jpg\" alt=\"\" width=\"604\" height=\"453\" srcset=\"https:\/\/www.thomasgericke.de\/v4\/interactive\/blog\/wp-content\/uploads\/2010\/07\/Daniel_Craig.jpg 604w, https:\/\/www.thomasgericke.de\/v4\/interactive\/blog\/wp-content\/uploads\/2010\/07\/Daniel_Craig-300x225.jpg 300w\" sizes=\"auto, (max-width: 604px) 100vw, 604px\" \/><\/a><\/p>\n<p>Ich frage mich, ob sich eigentlich jemand daran st\u00f6rt, wie tief und in welcher Weise Facebook nicht nur in den pers\u00f6nlichen Daten, sondern auch in den Bildern herumw\u00fchlt.<\/p>\n","protected":false},"excerpt":{"rendered":"<p>Bereits vor einigen Tagen hatte ich es schonmal bemerkt und mich leicht dar\u00fcber gewundert. Nachdem ich dann ein paarmal in Facebook herumgeklickt hatte, war es wieder weg. Gemeint ist damit ein Feld am rechten Rand der Facebook-Website, auf der man ganz offen gefragt wird, ob man die Person in dem dargestellten Bild kennt und ob man deren Namen benennen kann. Anfangs hatte ich das kaum beachtet, doch irgendwann wunderte ich mich, dass es sich ja um meine eigenen Bilder handelte.<\/p>\n","protected":false},"author":1,"featured_media":0,"comment_status":"open","ping_status":"open","sticky":false,"template":"","format":"standard","meta":{"_monsterinsights_skip_tracking":false,"_monsterinsights_sitenote_active":false,"_monsterinsights_sitenote_note":"","_monsterinsights_sitenote_category":0,"ngg_post_thumbnail":0,"footnotes":""},"categories":[4,21,11],"tags":[211,2334],"class_list":["post-6202","post","type-post","status-publish","format-standard","hentry","category-daily-life","category-photography","category-tech","tag-facebook","tag-photography"],"aioseo_notices":[],"_links":{"self":[{"href":"https:\/\/www.thomasgericke.de\/v4\/interactive\/blog\/wp-json\/wp\/v2\/posts\/6202","targetHints":{"allow":["GET"]}}],"collection":[{"href":"https:\/\/www.thomasgericke.de\/v4\/interactive\/blog\/wp-json\/wp\/v2\/posts"}],"about":[{"href":"https:\/\/www.thomasgericke.de\/v4\/interactive\/blog\/wp-json\/wp\/v2\/types\/post"}],"author":[{"embeddable":true,"href":"https:\/\/www.thomasgericke.de\/v4\/interactive\/blog\/wp-json\/wp\/v2\/users\/1"}],"replies":[{"embeddable":true,"href":"https:\/\/www.thomasgericke.de\/v4\/interactive\/blog\/wp-json\/wp\/v2\/comments?post=6202"}],"version-history":[{"count":11,"href":"https:\/\/www.thomasgericke.de\/v4\/interactive\/blog\/wp-json\/wp\/v2\/posts\/6202\/revisions"}],"predecessor-version":[{"id":6332,"href":"https:\/\/www.thomasgericke.de\/v4\/interactive\/blog\/wp-json\/wp\/v2\/posts\/6202\/revisions\/6332"}],"wp:attachment":[{"href":"https:\/\/www.thomasgericke.de\/v4\/interactive\/blog\/wp-json\/wp\/v2\/media?parent=6202"}],"wp:term":[{"taxonomy":"category","embeddable":true,"href":"https:\/\/www.thomasgericke.de\/v4\/interactive\/blog\/wp-json\/wp\/v2\/categories?post=6202"},{"taxonomy":"post_tag","embeddable":true,"href":"https:\/\/www.thomasgericke.de\/v4\/interactive\/blog\/wp-json\/wp\/v2\/tags?post=6202"}],"curies":[{"name":"wp","href":"https:\/\/api.w.org\/{rel}","templated":true}]}}