{"id":13252,"date":"2015-05-03T17:56:14","date_gmt":"2015-05-03T15:56:14","guid":{"rendered":"http:\/\/www.thomasgericke.de\/v4\/interactive\/blog\/?p=13252"},"modified":"2015-05-03T18:15:58","modified_gmt":"2015-05-03T16:15:58","slug":"verruckt-2-marathons-in-9-monaten","status":"publish","type":"post","link":"https:\/\/www.thomasgericke.de\/v4\/interactive\/blog\/2015\/05\/verruckt-2-marathons-in-9-monaten\/","title":{"rendered":"Verr\u00fcckt: 2 Marathons in 9 Monaten"},"content":{"rendered":"<p>Ziemlich verr\u00fcckt. In den letzten 9 Monaten bin ich die Strecke von mehr als zwei Marathons gelaufen. Genauer gesagt inzwischen \u00fcber 100 Kilometer. Richtige Marathonl\u00e4ufer lachen da dr\u00fcber, denn die laufen das mit Vorbereitung auf einen Lauf innerhalb von zwei Wochen. Wer mir allerdings vor drei Jahren erz\u00e4hlt h\u00e4tte, dass ich irgendwann mal (un-)regelm\u00e4ssig laufe und auch noch Spass daran habe, den h\u00e4tte ich f\u00fcr verr\u00fcckt erkl\u00e4rt. Inzwischen geniesse ich es und laufe &#8211; wenn ich mich aufraffen kann &#8211; eigentlich \u00fcberall auf der Welt. Meine besten Trainingszeiten hatte ich erstaunlicherweise letzten Herbst in Miami Beach und in New York City. Zwei der &#8211; f\u00fcr mich &#8211; sch\u00f6nsten Flecken auf diesem Planeten. In Miami bin ich sogar morgens um 6.00 Uhr aufgestanden, um dann um 7.00 Uhr beim Sonnenaufgang \u00fcber dem Atlantik zu laufen. Genial!<\/p>\n<p><a href=\"http:\/\/www.thomasgericke.de\/v4\/interactive\/blog\/wp-content\/uploads\/2015\/05\/Screen-Shot-2015-05-03-at-17.26.19.png\"><img loading=\"lazy\" decoding=\"async\" class=\"aligncenter size-full wp-image-13262\" title=\"Screen Shot 2015-05-03 at 17.26.19\" src=\"http:\/\/www.thomasgericke.de\/v4\/interactive\/blog\/wp-content\/uploads\/2015\/05\/Screen-Shot-2015-05-03-at-17.26.19.png\" alt=\"\" width=\"650\" height=\"383\" srcset=\"https:\/\/www.thomasgericke.de\/v4\/interactive\/blog\/wp-content\/uploads\/2015\/05\/Screen-Shot-2015-05-03-at-17.26.19.png 650w, https:\/\/www.thomasgericke.de\/v4\/interactive\/blog\/wp-content\/uploads\/2015\/05\/Screen-Shot-2015-05-03-at-17.26.19-300x176.png 300w\" sizes=\"auto, (max-width: 650px) 100vw, 650px\" \/><\/a><\/p>\n<p>Dass ich \u00fcberhaupt laufe, habe ich <s>zwei<\/s> drei Leuten zu verdanken: meinem Chef und zwei Kollegen. Vor etwa drei Jahren hatte mein Chef das ziemlich geschickt angestellt. Ein befreundetes Unternehmen aus D\u00fcsseldorf hatte unsere Firma zu einem Staffelmarathon herausgefordert und mein Chef meinte zu mir: <em>&#8220;Thomas, wenn du mitmachst, macht Flo auch mit.&#8221;<\/em> Flo hatte er genau das Gleiche erz\u00e4hlt, <a href=\"https:\/\/www.facebook.com\/photo.php?fbid=3800281175246&amp;set=a.1005218180418.344.1523793493&amp;type=1\" target=\"_blank\">also waren wir beide dabei<\/a>.<\/p>\n<p>Ohne Training, ohne jemals gelaufen zu sein und ohne zu wissen, worauf ich mich einliess, holte ich mir den Muskelkater meines Lebens. Seit dem laufe ich jedes Jahr beim N\u00fcrnberger Business Run (B2Run) mit &#8211; mit m\u00e4ssigem Erfolg und bis 2014 ohne Training. Letztes Jahr hatte ich dann grossspurig angek\u00fcndigt, 2015 die Zeit unseres besten L\u00e4ufers zu knacken: unter 27 Minuten f\u00fcr ca. 6,3 Kilometer. Ein weiterer Kollege &#8211; ein erfahrener L\u00e4ufer &#8211; hat es sich nicht nehmen lassen, mich damit zu motivieren, mich im Falle des Erfolgs auf ein schmackhaftes Sushi-Essen einzuladen.<\/p>\n<p>So kam es, dass ich seit August 2014 mehr oder weniger regelm\u00e4ssig laufe. Erfolge stellen sich nur sehr beschr\u00e4nkt ein, das Ziel (unter 27 Minuten f\u00fcr 6,3 km) ist in unerreichbarer Ferne. Aber ich bleibe dran. Mit meiner neuen Apple Watch hole ich locker nochmal 10 Minuten raus&#8230;<\/p>\n","protected":false},"excerpt":{"rendered":"<p>Ziemlich verr\u00fcckt. In den letzten 9 Monaten bin ich die Strecke von mehr als zwei Marathons gelaufen. Genauer gesagt inzwischen \u00fcber 100 Kilometer. Richtige Marathonl\u00e4ufer lachen da dr\u00fcber, denn die laufen das mit Vorbereitung auf einen Lauf innerhalb von zwei Wochen. Wer mir allerdings vor drei Jahren erz\u00e4hlt h\u00e4tte, dass ich irgendwann mal (un-)regelm\u00e4ssig laufe [&hellip;]<\/p>\n","protected":false},"author":1,"featured_media":13262,"comment_status":"open","ping_status":"open","sticky":false,"template":"","format":"standard","meta":{"_monsterinsights_skip_tracking":false,"_monsterinsights_sitenote_active":false,"_monsterinsights_sitenote_note":"","_monsterinsights_sitenote_category":0,"ngg_post_thumbnail":0,"footnotes":""},"categories":[4],"tags":[2332],"class_list":["post-13252","post","type-post","status-publish","format-standard","has-post-thumbnail","hentry","category-daily-life","tag-running"],"aioseo_notices":[],"_links":{"self":[{"href":"https:\/\/www.thomasgericke.de\/v4\/interactive\/blog\/wp-json\/wp\/v2\/posts\/13252","targetHints":{"allow":["GET"]}}],"collection":[{"href":"https:\/\/www.thomasgericke.de\/v4\/interactive\/blog\/wp-json\/wp\/v2\/posts"}],"about":[{"href":"https:\/\/www.thomasgericke.de\/v4\/interactive\/blog\/wp-json\/wp\/v2\/types\/post"}],"author":[{"embeddable":true,"href":"https:\/\/www.thomasgericke.de\/v4\/interactive\/blog\/wp-json\/wp\/v2\/users\/1"}],"replies":[{"embeddable":true,"href":"https:\/\/www.thomasgericke.de\/v4\/interactive\/blog\/wp-json\/wp\/v2\/comments?post=13252"}],"version-history":[{"count":4,"href":"https:\/\/www.thomasgericke.de\/v4\/interactive\/blog\/wp-json\/wp\/v2\/posts\/13252\/revisions"}],"predecessor-version":[{"id":13302,"href":"https:\/\/www.thomasgericke.de\/v4\/interactive\/blog\/wp-json\/wp\/v2\/posts\/13252\/revisions\/13302"}],"wp:featuredmedia":[{"embeddable":true,"href":"https:\/\/www.thomasgericke.de\/v4\/interactive\/blog\/wp-json\/wp\/v2\/media\/13262"}],"wp:attachment":[{"href":"https:\/\/www.thomasgericke.de\/v4\/interactive\/blog\/wp-json\/wp\/v2\/media?parent=13252"}],"wp:term":[{"taxonomy":"category","embeddable":true,"href":"https:\/\/www.thomasgericke.de\/v4\/interactive\/blog\/wp-json\/wp\/v2\/categories?post=13252"},{"taxonomy":"post_tag","embeddable":true,"href":"https:\/\/www.thomasgericke.de\/v4\/interactive\/blog\/wp-json\/wp\/v2\/tags?post=13252"}],"curies":[{"name":"wp","href":"https:\/\/api.w.org\/{rel}","templated":true}]}}