{"id":12122,"date":"2012-02-07T19:28:16","date_gmt":"2012-02-07T17:28:16","guid":{"rendered":"http:\/\/www.thomasgericke.de\/v4\/interactive\/blog\/?p=12122"},"modified":"2012-02-07T19:28:16","modified_gmt":"2012-02-07T17:28:16","slug":"hey-ihr-griechen-spinnt-ihr","status":"publish","type":"post","link":"https:\/\/www.thomasgericke.de\/v4\/interactive\/blog\/2012\/02\/hey-ihr-griechen-spinnt-ihr\/","title":{"rendered":"Hey, ihr Griechen! Spinnt ihr?"},"content":{"rendered":"<p><img loading=\"lazy\" decoding=\"async\" class=\"alignleft  wp-image-12142\" src=\"http:\/\/www.thomasgericke.de\/v4\/interactive\/blog\/wp-content\/uploads\/2012\/02\/Screen-Shot-2012-02-07-at-6.21.52-PM-141x300.png\" alt=\"\" width=\"99\" height=\"210\" srcset=\"https:\/\/www.thomasgericke.de\/v4\/interactive\/blog\/wp-content\/uploads\/2012\/02\/Screen-Shot-2012-02-07-at-6.21.52-PM-141x300.png 141w, https:\/\/www.thomasgericke.de\/v4\/interactive\/blog\/wp-content\/uploads\/2012\/02\/Screen-Shot-2012-02-07-at-6.21.52-PM.png 196w\" sizes=\"auto, (max-width: 99px) 100vw, 99px\" \/>Wenn ich in den <a href=\"http:\/\/diepresse.com\/home\/wirtschaft\/eurokrise\/730336\/Sieg-oder-Tod_Griechen-verbrennen-deutsche-Flagge\" target=\"_blank\">Nachrichten<\/a> (so heute geschehen) brennende Deutschland-Fahnen sehe, weil die Griechen sich aufregen, dann bekomme ich Anf\u00e4lle. Ich k\u00f6nnte echt ausrasten, wenn dazu &#8220;<em>Nazis, geht nach Hause<\/em>&#8221; gebr\u00fcllt wird. Das griechische Volk gibt Europa und haupts\u00e4chlich Deutschland die Schuld f\u00fcr die einschneidenden Sparmassnahmen und die drastischen Auswirkungen auf die Menschen.<\/p>\n<p>Klar, die Griechen haben eine schwere Zeit hinter und vor sich. Es muss gespart werden, das Land ist sonst pleite. <strong>Aber hey, ihr Griechen,<\/strong> habt ihr eigentlich noch alle Tassen im Schrank? Checkt ihr eigentlich, woher das Geld kommt, das euer Land retten soll? Geht das in eure K\u00f6pfe rein, dass alle B\u00fcrger der Eurozone daf\u00fcr bezahlen? Und hier sind Deutschland und Frankreich am st\u00e4rksten beteiligt. Woher kommt denn der Zaster f\u00fcr euer Land, hm?<\/p>\n<p>[ad#Google Adsense 468&#215;60 Image Inline]<\/p>\n<p>Wenn ihr die Kohle nicht wollt, bitte sehr, gef\u00e4llt mir sehr gut. Dann macht doch bitte was ihr wollt mit euren Inseln und der Akropolis. Vertickt gerne alles an die Chinesen oder wen-auch-immer. Druckt wieder eure Drachmen, tretet aus der EU aus und vor allem: geht uns bitte nicht weiter mit eurem weinerlichen Gejammer auf die Nerven.<\/p>\n<p>Mir ist klar, dass der gew\u00f6hnliche Otto-Normal-Grieche keine Schuld an der Misere tr\u00e4gt, weil das Land, die Politik und die Wirtschaft von Korruption und Fehlwirtschaft zerfressen sind. Aber verdammt nochmal, wenn ihr euch nicht helfen lassen wollt und uns bzw. unser Land beschimpft, dann geht bitte mit Pauken und Trompeten unter. Aber leise.<\/p>\n<p>Dankesch\u00f6n!<\/p>\n","protected":false},"excerpt":{"rendered":"<p>Wenn ich in den Nachrichten (so heute geschehen) brennende Deutschland-Fahnen sehe, weil die Griechen sich aufregen, dann bekomme ich Anf\u00e4lle. Ich k\u00f6nnte echt ausrasten, wenn dazu &#8220;Nazis, geht nach Hause&#8221; gebr\u00fcllt wird. Das griechische Volk gibt Europa und haupts\u00e4chlich Deutschland die Schuld f\u00fcr die einschneidenden Sparmassnahmen und die drastischen Auswirkungen auf die Menschen. Klar, die [&hellip;]<\/p>\n","protected":false},"author":1,"featured_media":0,"comment_status":"open","ping_status":"open","sticky":false,"template":"","format":"standard","meta":{"_monsterinsights_skip_tracking":false,"_monsterinsights_sitenote_active":false,"_monsterinsights_sitenote_note":"","_monsterinsights_sitenote_category":0,"ngg_post_thumbnail":0,"footnotes":""},"categories":[3,291],"tags":[1492,2102,2122,2092,2112,2335],"class_list":["post-12122","post","type-post","status-publish","format-standard","hentry","category-personal","category-politics","tag-deutschland","tag-eu","tag-euro","tag-eurozone","tag-griechenland","tag-politics"],"aioseo_notices":[],"_links":{"self":[{"href":"https:\/\/www.thomasgericke.de\/v4\/interactive\/blog\/wp-json\/wp\/v2\/posts\/12122","targetHints":{"allow":["GET"]}}],"collection":[{"href":"https:\/\/www.thomasgericke.de\/v4\/interactive\/blog\/wp-json\/wp\/v2\/posts"}],"about":[{"href":"https:\/\/www.thomasgericke.de\/v4\/interactive\/blog\/wp-json\/wp\/v2\/types\/post"}],"author":[{"embeddable":true,"href":"https:\/\/www.thomasgericke.de\/v4\/interactive\/blog\/wp-json\/wp\/v2\/users\/1"}],"replies":[{"embeddable":true,"href":"https:\/\/www.thomasgericke.de\/v4\/interactive\/blog\/wp-json\/wp\/v2\/comments?post=12122"}],"version-history":[{"count":4,"href":"https:\/\/www.thomasgericke.de\/v4\/interactive\/blog\/wp-json\/wp\/v2\/posts\/12122\/revisions"}],"predecessor-version":[{"id":12172,"href":"https:\/\/www.thomasgericke.de\/v4\/interactive\/blog\/wp-json\/wp\/v2\/posts\/12122\/revisions\/12172"}],"wp:attachment":[{"href":"https:\/\/www.thomasgericke.de\/v4\/interactive\/blog\/wp-json\/wp\/v2\/media?parent=12122"}],"wp:term":[{"taxonomy":"category","embeddable":true,"href":"https:\/\/www.thomasgericke.de\/v4\/interactive\/blog\/wp-json\/wp\/v2\/categories?post=12122"},{"taxonomy":"post_tag","embeddable":true,"href":"https:\/\/www.thomasgericke.de\/v4\/interactive\/blog\/wp-json\/wp\/v2\/tags?post=12122"}],"curies":[{"name":"wp","href":"https:\/\/api.w.org\/{rel}","templated":true}]}}