{"id":11012,"date":"2011-04-22T22:22:02","date_gmt":"2011-04-22T20:22:02","guid":{"rendered":"http:\/\/www.thomasgericke.de\/v4\/interactive\/blog\/?p=11012"},"modified":"2011-04-23T13:05:18","modified_gmt":"2011-04-23T11:05:18","slug":"apples-iphone-speichert-bewegungsdaten-na-und","status":"publish","type":"post","link":"https:\/\/www.thomasgericke.de\/v4\/interactive\/blog\/2011\/04\/apples-iphone-speichert-bewegungsdaten-na-und\/","title":{"rendered":"Apples iPhone speichert Bewegungsdaten &#8211; na und?!"},"content":{"rendered":"<p>So, die halbe Welt echauffiert sich seit Tagen dar\u00fcber, dass iOS-Ger\u00e4te (iPhone, iPad) von Apple die <strong>Bewegungsdaten<\/strong> des Ger\u00e4tes <strong>speichert<\/strong> und bei jeder Synchronisation mit iTunes (unverschl\u00fcsselt) <strong>auf der Festplatte ablegt<\/strong>. Eigentlich wollte ich mich dazu nicht \u00e4ussern, doch jetzt \u00fcberkommt es mich doch. Haupts\u00e4chlich wegen <a href=\"http:\/\/www.thomasgericke.de\/v4\/interactive\/blog\/2011\/04\/apple-ist-schlimm-und-bose-aber-schlimmer-geht-immer-google-android\/\" target=\"_blank\">des n\u00e4chsten Artikels, den ich inzwischen verfasst habe<\/a>.<\/p>\n<p><strong><span style=\"text-decoration: underline;\">Mein Kommentar: na und?!<\/span><\/strong><\/p>\n<p>Leute, habt Ihr \u00fcberhaupt eine Ahnung davon, <strong>welche Informationen ganz andere Unternehmen von Euch haben<\/strong>? <strong>Payback<\/strong> weiss genau, wo (und was!) ihr so einkauft, also wof\u00fcr Ihr Euch interessiert und welche zielgerichtete Werbung Euch geschickt werden kann. <strong>Amazon<\/strong> weiss ebenfalls nicht nur, was Ihr einkauft, sondern auch, wof\u00fcr Ihr Euch interessiert. <strong>Facebook<\/strong> weiss genau, was Ihr so treibt und <a href=\"http:\/\/www.thomasgericke.de\/v4\/interactive\/blog\/2010\/08\/facebook-weiss-wo-du-rumsurfst\/\" target=\"_blank\">dank IFRAMES auch, auf welchen Seiten Ihr sonst noch so herumsurft<\/a>. Und <strong>Google<\/strong> speichert seit vielen, vielen Jahren, was f\u00fcr Suchanfragen Ihr jemals so abgesetzt habt. Auch Jahre sp\u00e4ter ist nachvollziehbar, wof\u00fcr Ihr Euch interessiert habt. Ich hatte <a href=\"http:\/\/www.thomasgericke.de\/v4\/interactive\/blog\/2010\/08\/google-street-view-na-und\/\" target=\"_blank\">hier<\/a> und <a href=\"http:\/\/www.thomasgericke.de\/v4\/interactive\/blog\/2010\/08\/facebook-weiss-wo-du-bist-und-sagt-es-weiter\/\" target=\"_blank\">hier<\/a> und <a href=\"http:\/\/www.thomasgericke.de\/v4\/interactive\/blog\/2011\/03\/facebook-woruber-ihr-euch-wirklich-sorgen-solltet-teil-1\/\" target=\"_blank\">hier<\/a> schonmal genau \u00fcber diese Themen berichtet. <strong>Und das Spannende dabei ist:<\/strong> all diese Informationen werden in Echtzeit gespeichert und geben auch in Echtzeit ein Profil von Euch wider.<\/p>\n<p>So, und jetzt stellt euch mal vor, <strong>wenn all diese Unternehmen ihre Daten miteinander kombinieren &#8211; eine ungeahnte Macht<\/strong> tritt dann in Erscheinung, die Euch zum gl\u00e4sernen B\u00fcrger der digitalen Welt macht. Faszinierend.<\/p>\n<p>[ad#Google Adsense 468&#215;60 Image Inline]<\/p>\n<p><strong><span style=\"text-decoration: underline;\">Insofern: Apples Ger\u00e4te speichern Bewegungsdaten &#8211; na und?!<\/span><\/strong><\/p>\n<p><img loading=\"lazy\" decoding=\"async\" class=\"alignright size-full wp-image-11042\" title=\"Screen shot 2011-04-22 at 9.44.05 PM\" src=\"http:\/\/www.thomasgericke.de\/v4\/interactive\/blog\/wp-content\/uploads\/2011\/04\/Screen-shot-2011-04-22-at-9.44.05-PM.png\" alt=\"\" width=\"172\" height=\"28\" \/>F\u00fcr mich stellt das kein Problem dar, zumal ich selbst (noch?) die Macht \u00fcber diese Daten habe und sie auch <strong>bei jedem iPhone-Backup verschl\u00fcsseln<\/strong> kann, wenn ich es m\u00f6chte. Der geneigte Benutzer kann dazu einfach in den iTunes-Einstellungen zu seinem iOS-Ger\u00e4t den entsprechenden Haken setzen. Kann ja nicht so schwer sein.<\/p>\n<p>Und ja, es mag sein, dass Apple die Bewegungsdaten <strong>auch vom Ger\u00e4t abholt<\/strong>, allerdings werden diese Untersuchungen zu Folge dabei <strong>anonymisiert<\/strong>, so dass kein R\u00fcckschluss auf den Besitzer oder das Ger\u00e4t gezogen werden kann.<\/p>\n<p>Seit einigen Tagen gibt die <a href=\"http:\/\/petewarden.github.com\/iPhoneTracker\/\" target=\"_blank\"><em>iPhone Tracker<\/em><\/a> Software, welche die in den Backups gespeicherten Daten <strong>h\u00fcbsch grafisch aufbereitet<\/strong> und auf einer Karte ausgibt. Kostet nichts, ist idiotensicher zu bedienen. Bei mir schaut das wie folgt aus und ja, ich habe kein Problem damit, sogar publik zu machen, wo ich mich in den letzten Monaten aufgehalten habe:<\/p>\n<p><img loading=\"lazy\" decoding=\"async\" class=\"aligncenter size-full wp-image-11022\" title=\"Screen shot 2011-04-22 at 9.49.20 PM\" src=\"http:\/\/www.thomasgericke.de\/v4\/interactive\/blog\/wp-content\/uploads\/2011\/04\/Screen-shot-2011-04-22-at-9.49.20-PM.png\" alt=\"\" width=\"606\" height=\"572\" srcset=\"https:\/\/www.thomasgericke.de\/v4\/interactive\/blog\/wp-content\/uploads\/2011\/04\/Screen-shot-2011-04-22-at-9.49.20-PM.png 606w, https:\/\/www.thomasgericke.de\/v4\/interactive\/blog\/wp-content\/uploads\/2011\/04\/Screen-shot-2011-04-22-at-9.49.20-PM-300x283.png 300w\" sizes=\"auto, (max-width: 606px) 100vw, 606px\" \/><\/p>\n<p>Dazu sei angemerkt, dass die Werte vereinzelt stark verf\u00e4lscht sind. Haupts\u00e4chlich, da auf Grund &#8220;merkw\u00fcrdiger&#8221; Funkzelleneinbuchungen und mir nicht n\u00e4her bekannten Abweichungen einige Ausreisser entstehen. So war ich im letzten Jahr zwar nie im Ruhrgebiet unterwegs &#8211; aber das vernachl\u00e4ssige ich mal.<\/p>\n<p>[ad#Google Adsense 468&#215;60 Image Inline]<\/p>\n<p>Auf der <a href=\"http:\/\/petewarden.github.com\/iPhoneTracker\/\" target=\"_blank\">Seite der Programmierer<\/a> sowie dieser Seite ist gut beschrieben, wie man sich die Rohdaten der gespeicherten Informationen im SQLite-Format anschauen und auseinanderfieseln kann. Die Datei liegt (z. B. unter Mac OS X) irgendwo im MobileSync Verzeichnis, kann mit Hilfe <a href=\"http:\/\/stackoverflow.com\/questions\/3085153\/how-to-parse-the-manifest-mbdb-file-in-an-ios-4-0-itunes-backup\/3130860#3130860\" target=\"_blank\">dieses Python-Scripts<\/a> gefunden und z. B. mit Hilfe vom <a href=\"http:\/\/sourceforge.net\/projects\/sqlitebrowser\/\" target=\"_blank\">SQLite Database Browser<\/a> untersucht werden.<\/p>\n<p><img loading=\"lazy\" decoding=\"async\" class=\"aligncenter size-full wp-image-11032\" title=\"Screen shot 2011-04-22 at 9.54.16 PM\" src=\"http:\/\/www.thomasgericke.de\/v4\/interactive\/blog\/wp-content\/uploads\/2011\/04\/Screen-shot-2011-04-22-at-9.54.16-PM.png\" alt=\"\" width=\"657\" height=\"378\" srcset=\"https:\/\/www.thomasgericke.de\/v4\/interactive\/blog\/wp-content\/uploads\/2011\/04\/Screen-shot-2011-04-22-at-9.54.16-PM.png 657w, https:\/\/www.thomasgericke.de\/v4\/interactive\/blog\/wp-content\/uploads\/2011\/04\/Screen-shot-2011-04-22-at-9.54.16-PM-300x172.png 300w\" sizes=\"auto, (max-width: 657px) 100vw, 657px\" \/><\/p>\n<p>Der Timestamp beginnt seine Rechnung \u00fcbrigens zum 1. Januar 2001, also einfach 978307200 dazu addieren und man kommt auf den allgemein bekannten UNIX_TIMESTAMP (Sekunden seit 1. Januar 1970).<\/p>\n<p>Liebe Leute, habt ihr <strong>keine anderen Sorgen<\/strong>, als euch dar\u00fcber aufzuregen, dass Apple das technisch M\u00f6gliche nutzt und Eure privaten Bewegungsdaten <strong>auf Eurer privaten Festplatte f\u00fcr Euch speichert<\/strong>?! Stellt euch doch mal vor&#8230;<\/p>\n<blockquote><p>diese Daten w\u00fcrden nicht ausschliesslich auf Eurem Mobiltelefon oder Eurer Festplatte gepeichert, sondern direkt zum Hersteller gesendet, so dass dieser nahezu in Echtzeit weiss, wo Ihr seid oder wo Ihr wart.<\/p><\/blockquote>\n<p>&#8230; Aber <a href=\"http:\/\/www.thomasgericke.de\/v4\/interactive\/blog\/2011\/04\/apple-ist-schlimm-und-bose-aber-schlimmer-geht-immer-google-android\/\" target=\"_blank\">dazu sp\u00e4ter mehr<\/a>&#8230;<\/p>\n","protected":false},"excerpt":{"rendered":"<p>So, die halbe Welt echauffiert sich seit Tagen dar\u00fcber, dass iOS-Ger\u00e4te (iPhone, iPad) von Apple die Bewegungsdaten des Ger\u00e4tes speichert und bei jeder Synchronisation mit iTunes (unverschl\u00fcsselt) auf der Festplatte ablegt. Eigentlich wollte ich mich dazu nicht \u00e4ussern, doch jetzt \u00fcberkommt es mich doch. Haupts\u00e4chlich wegen des n\u00e4chsten Artikels, den ich inzwischen verfasst habe. Mein [&hellip;]<\/p>\n","protected":false},"author":1,"featured_media":0,"comment_status":"open","ping_status":"open","sticky":false,"template":"","format":"standard","meta":{"_monsterinsights_skip_tracking":false,"_monsterinsights_sitenote_active":false,"_monsterinsights_sitenote_note":"","_monsterinsights_sitenote_category":0,"ngg_post_thumbnail":0,"footnotes":""},"categories":[4,11],"tags":[1422,561,1152,51,1142,211,41,331,6,1182,2002],"class_list":["post-11012","post","type-post","status-publish","format-standard","hentry","category-daily-life","category-tech","tag-amazon","tag-apple","tag-bewegungsprofil","tag-blog","tag-datenschutz","tag-facebook","tag-google","tag-internet","tag-iphone","tag-mac-os-x","tag-payback"],"aioseo_notices":[],"_links":{"self":[{"href":"https:\/\/www.thomasgericke.de\/v4\/interactive\/blog\/wp-json\/wp\/v2\/posts\/11012","targetHints":{"allow":["GET"]}}],"collection":[{"href":"https:\/\/www.thomasgericke.de\/v4\/interactive\/blog\/wp-json\/wp\/v2\/posts"}],"about":[{"href":"https:\/\/www.thomasgericke.de\/v4\/interactive\/blog\/wp-json\/wp\/v2\/types\/post"}],"author":[{"embeddable":true,"href":"https:\/\/www.thomasgericke.de\/v4\/interactive\/blog\/wp-json\/wp\/v2\/users\/1"}],"replies":[{"embeddable":true,"href":"https:\/\/www.thomasgericke.de\/v4\/interactive\/blog\/wp-json\/wp\/v2\/comments?post=11012"}],"version-history":[{"count":7,"href":"https:\/\/www.thomasgericke.de\/v4\/interactive\/blog\/wp-json\/wp\/v2\/posts\/11012\/revisions"}],"predecessor-version":[{"id":11082,"href":"https:\/\/www.thomasgericke.de\/v4\/interactive\/blog\/wp-json\/wp\/v2\/posts\/11012\/revisions\/11082"}],"wp:attachment":[{"href":"https:\/\/www.thomasgericke.de\/v4\/interactive\/blog\/wp-json\/wp\/v2\/media?parent=11012"}],"wp:term":[{"taxonomy":"category","embeddable":true,"href":"https:\/\/www.thomasgericke.de\/v4\/interactive\/blog\/wp-json\/wp\/v2\/categories?post=11012"},{"taxonomy":"post_tag","embeddable":true,"href":"https:\/\/www.thomasgericke.de\/v4\/interactive\/blog\/wp-json\/wp\/v2\/tags?post=11012"}],"curies":[{"name":"wp","href":"https:\/\/api.w.org\/{rel}","templated":true}]}}